{"id":137,"date":"2021-01-04T20:02:11","date_gmt":"2021-01-04T19:02:11","guid":{"rendered":"http:\/\/moretloingetorvanne.fr\/culture_mlo\/?p=137"},"modified":"2021-12-18T22:02:21","modified_gmt":"2021-12-18T21:02:21","slug":"mediatheque-marina-tsvetaeva","status":"publish","type":"post","link":"http:\/\/moretloingetorvanne.fr\/culture_mlo\/2021\/01\/04\/mediatheque-marina-tsvetaeva\/","title":{"rendered":"M\u00e9diath\u00e8que Marina Tsvetaeva"},"content":{"rendered":"<p>La M\u00e9diath\u00e8que Marina Tsvetaeva, situ\u00e9e sur l\u2019ancien site de l\u2019usine de C\u00e9ramique vous propose de nombreux services dans un cadre moderne et chaleureux.<\/p>\n<p><strong>L\u2019espace adulte<\/strong>&nbsp;o\u00f9 vous trouverez romans, documentaires, BD, livres audio, films, journaux et magazines d\u2019actualit\u00e9 \u00e0 emprunter ou \u00e0 feuilleter sur place. De nombreuses places de travail sont \u00e0 votre disposition avec acc\u00e8s au r\u00e9seau WIFI et \u00e0 des postes internet.<\/p>\n<p><strong>L\u2019espace jeunesse<\/strong>&nbsp;vous attend avec ses milliers d\u2019albums, BD, romans, contes, revues et films pour enfants, ses ordinateurs et ses espaces sp\u00e9cialement adapt\u00e9s aux tout-petits et aux jeunes adolescents.<\/p>\n<p><strong>L\u2019espace num\u00e9rique<\/strong> vous propose un parc d\u2019ordinateurs (\u00e9quip\u00e9s de logiciels de bureautique et de graphisme) et de tablettes pour surfer, apprendre ou b\u00e9n\u00e9ficier de conseils autour de l\u2019informatique et du num\u00e9rique. C\u2019est aussi un espace de jeux vid\u00e9os, un lieu de formation en groupe sur des sujets vari\u00e9s.<\/p>\n<p><strong>L\u2019espace musique<\/strong>&nbsp;regroupe pr\u00e8s des CD, des livres et des magazines dans tous les genres musicaux. Possibilit\u00e9 d\u2019\u00e9coute sur place.<\/p>\n<p><strong>Acc\u00e8s wi-fi, acc\u00e8s ordinateur et accessibilit\u00e9 handicap\u00e9s <\/strong><\/p>\n<p><span style=\"color: #ffffff;\"><strong><span style=\"font-size: 12pt;\">Newsletter<\/span><\/strong><\/span><\/p>\n<p>Il se passe toujours quelque chose&nbsp;!<br \/>\nD\u00e9couvrez les nouveaut\u00e9s et les prochaines animations, rencontres, projections, ateliers\u2026 de la m\u00e9diath\u00e8que Marina Tsvetaeva en vous inscrivant \u00e0 notre newsletter mensuelle !<br \/>\nPour ne pas manquer une seule information, &nbsp;abonnez-vous <a href=\"http:\/\/eepurl.com\/gIDGDP\"><strong><span style=\"color: #ffffff;\">ICI<\/span><\/strong><\/a><\/p>\n<hr>\n<p><strong>INFORMATION<\/strong><\/p>\n<p>Horaires d&#8217;ouverture&nbsp; (hiver &#8211; du 1er octobre au 30 avril) :<\/p>\n<ul>\n<li>le mardi de 9h30 \u00e0 12h et de 14h30 \u00e0 18h30<\/li>\n<li>le mercredi de 9h \u00e0 12h et de 14h30 \u00e0 18h30<\/li>\n<li>le vendredi de 14h30 \u00e0 18h30<\/li>\n<li>le samedi de 10h00 \u00e0 18h00<\/li>\n<\/ul>\n<p>Horaires d&#8217;ouverture&nbsp; (\u00e9t\u00e9 &#8211; du 1er mai au 30 septembre) :<\/p>\n<ul>\n<li>le mardi de 9h30 \u00e0 12h et de 14h30 \u00e0 18h30<\/li>\n<li>le mercredi de 9h \u00e0 12h et de 14h30 \u00e0 18h30<\/li>\n<li>le vendredi de 14h30 \u00e0 19h<\/li>\n<li>le samedi de 10h \u00e0 12h30 et de 14h \u00e0 19h<\/li>\n<\/ul>\n<p>Adresse : 6 all\u00e9e de la C\u00e9ramique (\u00c9cuelles)<\/p>\n<p>Contact par t\u00e9l\u00e9phone 01 64 23 34 75 ou par mail : mediatheques@moretloingetorvanne.fr<\/p>\n<p>Facebook : <a href=\"https:\/\/www.facebook.com\/pages\/category\/Local-Service\/M%C3%A9diath%C3%A8ques-Moret-Loing-et-Orvanne-321951498336921\/\">M\u00e9diath\u00e8ques de Moret-Loing-et-Orvanne<\/a><\/p>\n<hr>\n<p><span style=\"font-size: 18pt;\"><strong>Animations&nbsp; sur l&#8217;ann\u00e9e 2021\/2022&nbsp;<\/strong><\/span><\/p>\n<p>&nbsp;<\/p>\n<p><strong><u>Septembre<\/u><\/strong><u>&nbsp;: <\/u><\/p>\n<p>&#8211; <strong>Samedi 11 de 10h \u00e0 12h<\/strong>&nbsp;: Atelier tricot. Echange de savoirs et convivialit\u00e9, ouvert \u00e0 tous. Sur inscription<\/p>\n<p><strong>&#8211; Jeudi 16 de 9h30 \u00e0 10h15&nbsp;<\/strong>: Voyages-lectures avec les tout-petits. Un moment chaleureux \u00e0 partager en famille ou avec son assistant.e maternel.le. Sur inscription<\/p>\n<p><strong>&#8211; Samedi 25 de 10h30 \u00e0 12h30<\/strong>&nbsp;: L\u2019Encre des possibles. Atelier d\u2019\u00e9criture et d\u2019expression anim\u00e9 par Maud Juillerat. Sur inscription, \u00e0 partir de 12 ans<\/p>\n<p><strong>&#8211; du 21 septembre au 23 octobre<\/strong>&nbsp;: exposition \u00ab&nbsp;L\u2019\u00e9galit\u00e9 c\u2019est pas sorcier&nbsp;\u00bb pour d\u00e9construire quelques st\u00e9r\u00e9otypes et porter l\u2019\u00e9galit\u00e9 entre les genres.<\/p>\n<p>En partenariat avec l\u2019association Le Planning 77<\/p>\n<p><strong>&#8211; Mercredi 29 septembre \u00e0 15h<\/strong>&nbsp;: CLAP en bib<br \/>\nProjection surprise pour tous les curieu.x.ses&nbsp;de 7 \u00e0 99 ans ! Venez d\u00e9couvrir le film d\u2019animation et d\u2019\u00e9mancipation choisi pour vous par les biblioth\u00e9caires (sur inscription).<\/p>\n<p>&nbsp;<\/p>\n<p><strong><u>Octobre<\/u><\/strong><u>&nbsp;: <\/u><\/p>\n<p><strong>&#8211; Samedi 2 \u00e0 11h<\/strong>&nbsp;: inauguration de l\u2019exposition \u00ab&nbsp;L\u2019\u00e9galit\u00e9 c\u2019est pas sorcier&nbsp;\u00bb avec l\u2019association Le Planning 77. Pr\u00e9sentation de l\u2019association, des ateliers et spectacles pr\u00e9vus dans ce cycle sur le th\u00e8me de l\u2019\u00e9galit\u00e9 entre les filles et les gar\u00e7ons, pour tous les \u00e2ges.<\/p>\n<p><strong>&#8211; Mercredi 6 de 16h \u00e0 17h30&nbsp;:<\/strong> Tempo, atelier d\u2019\u00e9checs pour d\u00e9butants et amateurs \u00e0 partir de 7 ans.<\/p>\n<p><strong>&#8211; Vendredi 8 octobre \u00e0 20h30<\/strong> : Soir\u00e9e musicale anim\u00e9e par l&#8217;association Atoucaf\u00e9 afin de f\u00eater le centenaire de la naissance de Georges Brassens<\/p>\n<p><strong>&#8211; Samedi 9 de 10h \u00e0 12h&nbsp;:<\/strong> atelier tricot. Echange de savoirs et convivialit\u00e9, ouvert \u00e0 tous. Sur inscription<\/p>\n<p><strong>&#8211; Samedi 9 de 15h \u00e0 17h<\/strong>&nbsp;: F\u00eate du cin\u00e9ma d\u2019animation<br \/>\nD\u00e9couvrez les secrets de fabrication autour du film d\u2019animation \u00ab&nbsp;Les Secrets de mon p\u00e8re&nbsp;\u00bb de V\u00e9ra Belmont (sortie en salles pr\u00e9vue en 2021). Marc Jousset, producteur du film et fondateur du Studio \u00ab&nbsp;Je suis bien content&nbsp;\u00bb r\u00e9pondra \u00e0 toutes vos questions sur la conception d\u2019un film d\u2019animation, les m\u00e9tiers du cin\u00e9ma, la relation entre la bande dessin\u00e9e et le cin\u00e9ma, etc.<\/p>\n<p>Rencontre \u00e0 partir de 13 ans. Sur inscription<\/p>\n<p>Dans le cadre de la f\u00eate du cin\u00e9ma d\u2019animation, en partenariat avec l\u2019AFCA (Association fran\u00e7aise du cin\u00e9ma d\u2019animation) et la M\u00e9diath\u00e8que d\u00e9partementale 77<\/p>\n<p><strong>&#8211; Mercredi 13&nbsp;\u00e0&nbsp;15h&nbsp;et samedi 16 \u00e0 15h<\/strong>&nbsp;: ateliers ludiques \u00ab&nbsp;L\u2019\u00e9galit\u00e9 c\u2019est pas sorcier&nbsp;\u00bb&nbsp;: des jeux et des activit\u00e9s pour explorer les chemins de l\u2019\u00e9galit\u00e9 entre filles et gar\u00e7ons. Pour enfants et familles, inscription obligatoire. [m\u00eame visuel que l\u2019expo]<\/p>\n<p><strong>&#8211; Samedi 16 de 10h30 \u00e0 12h30<\/strong>&nbsp;: L\u2019Encre des possibles. Atelier d\u2019\u00e9criture et d\u2019expression anim\u00e9 par Maud Juillerat. Sur inscription, \u00e0 partir de 12 ans<\/p>\n<p>&#8211; <strong>Jeudi 21 de 9h30 \u00e0 10h15<\/strong>&nbsp;: Voyages-lectures avec les tout-petits. Un moment chaleureux \u00e0 partager en famille ou avec son assistant.e maternel.le. Sur inscription<\/p>\n<p><strong>&#8211; Samedi 23 \u00e0 16h<\/strong>&nbsp;: cl\u00f4ture du cycle \u00ab&nbsp;L\u2019\u00e9galit\u00e9 c\u2019est pas sorcier&nbsp;\u00bb avec le spectacle \u00ab&nbsp;Elles, comme Libert\u00e9s&nbsp;\u00bb&nbsp;: Un spectacle \u2026 culott\u00e9&nbsp;! En puisant dans les textes d\u2019autrices, journalistes, femmes publiques, politiques, com\u00e9diennes qui nous inspirent et nous accompagnent, nous proposons une travers\u00e9e th\u00e9\u00e2trale en forme de correspondance imaginaire et prenons la libert\u00e9 de cr\u00e9er la rencontre par-del\u00e0 l\u2019espace et le temps entre Marguerite Duras, Natalia Ginzburg, H\u00e9l\u00e8ne Berr, Rosa Luxemburg, Calamity Jane, et bien d\u2019autres. (en partenariat avec la M\u00e9diath\u00e8que d\u00e9partementale 77)<\/p>\n<p><strong>&nbsp;<\/strong><\/p>\n<p><strong><u>Novembre<\/u><\/strong><u>&nbsp;:<\/u><\/p>\n<p>&#8211; <strong>mercredi 10 de 16h \u00e0 17h30&nbsp;:<\/strong> Tempo, atelier d\u2019\u00e9checs pour d\u00e9butants et amateurs \u00e0 partir de 7 ans. Sur inscription<\/p>\n<p><strong>&#8211; samedi 13 de 10h \u00e0 12h<\/strong>&nbsp;: atelier tricot. Echange de savoirs et convivialit\u00e9, ouvert \u00e0 tous. Sur inscription<\/p>\n<p><strong>&#8211; Jeudi 18 de 9h30 \u00e0 10h15<\/strong>&nbsp;: Voyages-lectures avec les tout-petits. Un moment chaleureux \u00e0 partager en famille ou avec son assistant.e maternel.le. Sur inscription<\/p>\n<p><strong>&#8211; samedi 20 de 10h30 \u00e0 12h30<\/strong>&nbsp;: L\u2019Encre des possibles. Atelier d\u2019\u00e9criture et d\u2019expression anim\u00e9 par Maud Juillerat. Sur inscription, \u00e0 partir de 12 ans<\/p>\n<p><strong>&#8211; samedi 20 \u00e0 16h&nbsp;:<\/strong> caf\u00e9 histoire avec Philippe Jacquet, professeur d\u2019histoire-g\u00e9ographie. [Sujet et visuel en cours de calage\u2026]<\/p>\n<p><strong>-vendredi 26 \u00e0 20h<\/strong> : caf\u00e9 des sciences (sur r\u00e9servation). La biodiversit\u00e9, id\u00e9es re\u00e7ues et solutions avec Guillaume Larr\u00e8gle, naturaliste et botaniste<\/p>\n<p><strong>&#8211; samedi 27 \u00e0 20h<\/strong>&nbsp;: projection du film \u00ab&nbsp;Histoire d\u2019un regard&nbsp;\u00bb de Mariana Otero.<\/p>\n<p>Gilles Caron, photojournaliste t\u00e9moin des \u00e9v\u00e9nements majeurs de son \u00e9poque, disparait subitement \u00e0 30 ans au Cambodge sans laisser de trace. Cette disparition fait \u00e9cho \u00e0 la propre histoire de Mariana Otero dont la m\u00e8re, peintre, est morte jeune en ne laissant que des images \u00e0 d\u00e9chiffrer. La r\u00e9alisatrice se plonge dans les 100.000 clich\u00e9s du photographe, lui redonne vie sous nos yeux et retrace l\u2019histoire de cet homme et de son regard singulier qui racontent notre soci\u00e9t\u00e9.<\/p>\n<p>Pr\u00e9sentation du film et bande annonce&nbsp;: <a href=\"https:\/\/imagesenbibliotheques.fr\/docotheque\/histoire-dun-regard\">https:\/\/imagesenbibliotheques.fr\/docotheque\/histoire-dun-regard<\/a><\/p>\n<p>Dans le cadre du Mois du film documentaire, partenariat avec l\u2019association Addoc et la M\u00e9diath\u00e8que d\u00e9partementale 77.<\/p>\n<p>&nbsp;<\/p>\n<p><strong><u>D\u00e9cembre&nbsp;<\/u><\/strong><u>:<\/u><\/p>\n<p><strong>&#8211; mercredi 1<sup>er<\/sup> de 16h \u00e0 17h30&nbsp;:<\/strong> Tempo, atelier d\u2019\u00e9checs pour d\u00e9butants et amateurs \u00e0 partir de 7 ans. Sur inscription<\/p>\n<p><strong>&#8211; samedi 4 de 10h \u00e0 12h<\/strong>&nbsp;: atelier tricot. Echange de savoirs et convivialit\u00e9, ouvert \u00e0 tous. Sur inscription<\/p>\n<p><strong>&#8211; samedi 11<\/strong> : spectacle &#8220;Les&nbsp;fleurs rouges&nbsp;\u00bb d\u2019apr\u00e8s les R\u00e9cits de la Kolyma \u00ab La m\u00e9daille d\u2019or \u00bb, de Varlam Chalamov. Une lecture musicale interpr\u00e9t\u00e9e par Bruno Bisaro, H\u00e9lo\u00efse Ghaleh-Marzban, Isabelle Hurtin et Kevin Chemla de la Compagnie du Ness. Dur\u00e9e : 1h. Tout public, \u00e0 partir de 12 ans<\/p>\n<p><strong>&#8211; jeudi 16 de 9h30 \u00e0 10h15&nbsp;:<\/strong> Voyages-lectures avec les tout-petits. Un moment chaleureux \u00e0 partager en famille ou avec son assistant.e maternel.le. Sur inscription<\/p>\n<p><strong>&#8211; samedi 18 de 10h30 \u00e0 12h30&nbsp;<\/strong>: L\u2019Encre des possibles. Atelier d\u2019\u00e9criture et d\u2019expression anim\u00e9 par Maud Juillerat. Sur inscription, \u00e0 partir de 12 ans<\/p>\n<p><strong>&#8211;&nbsp; samedi 18 \u00e0 15h<\/strong>&nbsp;: CLAP en bib. Projection surpri&#8221;Lse pour tous les curieux&nbsp;de 8 \u00e0 99 ans ! Venez d\u00e9couvrir le film choisi pour vous par les biblioth\u00e9caires (sur inscription)<\/p>\n<p>&nbsp;<\/p>\n<hr>\n<h1>Le r\u00e9seau MSL des Biblioth\u00e8ques<\/h1>\n<p><a href=\"http:\/\/bibliotheque.ccmsl.fr\/\"><img loading=\"lazy\" class=\" wp-image-215 alignleft\" src=\"http:\/\/moretloingetorvanne.fr\/culture_mlo\/wp-content\/uploads\/2019\/11\/biblioth\u00e8que-MSL-1-300x227.jpg\" alt=\"\" width=\"153\" height=\"116\" srcset=\"http:\/\/moretloingetorvanne.fr\/culture_mlo\/wp-content\/uploads\/2019\/11\/biblioth\u00e8que-MSL-1-300x227.jpg 300w, http:\/\/moretloingetorvanne.fr\/culture_mlo\/wp-content\/uploads\/2019\/11\/biblioth\u00e8que-MSL-1.jpg 423w\" sizes=\"(max-width: 153px) 100vw, 153px\" \/><\/a>13 biblioth\u00e8ques sur le territoire MSL, dont 8 en r\u00e9seau, vous apportent une offre diversifi\u00e9e et vari\u00e9e<\/p>\n<p>Le r\u00e9seau MSL des biblioth\u00e8ques c\u2019est aussi une navette MSL pour le transport des documents de la MD77, des animations autour des tapis narratifs, des iPads ou bien encore, des animations pour tous les \u00e2ges, comme &nbsp;Raconte en musique, Music\u2019Ados\u2026<\/p>\n<p><strong><a href=\"http:\/\/bibliotheque.ccmsl.fr\/\">Pour se rendre sur le portail des biblioth\u00e8ques MSL, cliquez ICI<\/a><\/strong><\/p>\n<p>&nbsp;<\/p>\n","protected":false},"excerpt":{"rendered":"<p>La M\u00e9diath\u00e8que Marina Tsvetaeva, situ\u00e9e sur l\u2019ancien site de l\u2019usine de C\u00e9ramique vous [&hellip;]<\/p>\n","protected":false},"author":4,"featured_media":257,"comment_status":"open","ping_status":"open","sticky":false,"template":"","format":"standard","meta":{"ngg_post_thumbnail":0,"_links_to":"","_links_to_target":""},"categories":[1],"tags":[],"_links":{"self":[{"href":"http:\/\/moretloingetorvanne.fr\/culture_mlo\/wp-json\/wp\/v2\/posts\/137"}],"collection":[{"href":"http:\/\/moretloingetorvanne.fr\/culture_mlo\/wp-json\/wp\/v2\/posts"}],"about":[{"href":"http:\/\/moretloingetorvanne.fr\/culture_mlo\/wp-json\/wp\/v2\/types\/post"}],"author":[{"embeddable":true,"href":"http:\/\/moretloingetorvanne.fr\/culture_mlo\/wp-json\/wp\/v2\/users\/4"}],"replies":[{"embeddable":true,"href":"http:\/\/moretloingetorvanne.fr\/culture_mlo\/wp-json\/wp\/v2\/comments?post=137"}],"version-history":[{"count":54,"href":"http:\/\/moretloingetorvanne.fr\/culture_mlo\/wp-json\/wp\/v2\/posts\/137\/revisions"}],"predecessor-version":[{"id":1375,"href":"http:\/\/moretloingetorvanne.fr\/culture_mlo\/wp-json\/wp\/v2\/posts\/137\/revisions\/1375"}],"wp:featuredmedia":[{"embeddable":true,"href":"http:\/\/moretloingetorvanne.fr\/culture_mlo\/wp-json\/wp\/v2\/media\/257"}],"wp:attachment":[{"href":"http:\/\/moretloingetorvanne.fr\/culture_mlo\/wp-json\/wp\/v2\/media?parent=137"}],"wp:term":[{"taxonomy":"category","embeddable":true,"href":"http:\/\/moretloingetorvanne.fr\/culture_mlo\/wp-json\/wp\/v2\/categories?post=137"},{"taxonomy":"post_tag","embeddable":true,"href":"http:\/\/moretloingetorvanne.fr\/culture_mlo\/wp-json\/wp\/v2\/tags?post=137"}],"curies":[{"name":"wp","href":"https:\/\/api.w.org\/{rel}","templated":true}]}}