{"id":49,"date":"2021-01-04T20:00:14","date_gmt":"2021-01-04T19:00:14","guid":{"rendered":"http:\/\/moretloingetorvanne.fr\/culture_mlo\/?p=49"},"modified":"2021-12-18T21:45:05","modified_gmt":"2021-12-18T20:45:05","slug":"mediatheque-sarah-bernhardt","status":"publish","type":"post","link":"http:\/\/moretloingetorvanne.fr\/culture_mlo\/2021\/01\/04\/mediatheque-sarah-bernhardt\/","title":{"rendered":"M\u00e9diath\u00e8que Sarah Bernhardt"},"content":{"rendered":"<p>La m\u00e9diath\u00e8que Sarah Bernhardt est situ\u00e9e dans l\u2019enceinte solaire A.Chevrier. Elle vous accueille dans une ambiance conviviale et vous apporte des conseils personnalis\u00e9s.<\/p>\n<p>Vous y trouverez un large choix de livres et de magazines adultes et jeunesse, des\u00a0 postes\u00a0 informatiques\u00a0 et l\u2019acc\u00e8s au WIFI. Des animations sont propos\u00e9es ponctuellement tout public.<\/p>\n<p><strong>Des Livres &amp; moi ! Portage \u00e0 domicile !<\/strong><\/p>\n<p>Les m\u00e9diath\u00e8ques de Moret-Loing-et-Orvanne proposent un nouveau service de portage \u00e0 domicile<br \/>\nsur l\u2019ensemble du territoire, afin de r\u00e9pondre aux besoins des habitants et notamment des personnes \u00e0 mobilit\u00e9 r\u00e9duite ou ne pouvant se d\u00e9placer \u00e0 l\u2019aide de v\u00e9hicules motoris\u00e9s. Ce service est <strong>gratuit.<\/strong> Il vous suffit simplement de prendre contact avec les m\u00e9diath\u00e8ques de la commune.<\/p>\n<hr \/>\n<p><strong>INFORMATION<\/strong><\/p>\n<p>Horaires d&#8217;ouverture :<\/p>\n<ul>\n<li>Lundi de 15h \u00e0 18h<\/li>\n<li>Mercredi et vendredi de 15h \u00e0 18h<\/li>\n<li>Samedi\u00a0 de 9h30 \u00e0 12h30<\/li>\n<\/ul>\n<p>&nbsp;<\/p>\n<p>Adresse : 5 rue Claude Bernard\u00a0 (Veneux-Les Sablons)<\/p>\n<p>Contact par t\u00e9l\u00e9phone 01 60 70 87 38 ou par mail : mediatheques@moretloingetorvanne.fr<\/p>\n<p>Facebook :\u00a0<a href=\"https:\/\/www.facebook.com\/pages\/category\/Local-Service\/M%C3%A9diath%C3%A8ques-Moret-Loing-et-Orvanne-321951498336921\/\">m\u00e9diath\u00e8ques de Moret-Loing-et-Orvanne<\/a><\/p>\n<hr \/>\n<p><span style=\"font-size: 18pt;\"><strong>Animations mensuelles pour l&#8217;ann\u00e9e 2021\/2022 :\u00a0<\/strong><\/span><\/p>\n<p><strong>B\u00e9b\u00e9s lecteurs (pour les 0 \u00e0 3 ans)<\/strong><\/p>\n<p>D\u00e9couvrez le plaisir de lire \u00e0 la m\u00e9diath\u00e8que avec vos tout-petits ou avec ceux que vous gardez. Dans un espace adapt\u00e9 pour eux, les enfants choisiront eux-m\u00eames les comptines ou les histoires qu\u2019ils souhaitent entendre. Des surprises \u00e0 toucher les attendent gr\u00e2ce \u00e0 l\u2019atelier \u00ab\u00a0histoires sur un fil\u00a0\u00bb. S\u00e9ances au choix les lundis \u00e0 9h30 ou \u00e0 10h45, le\u00a0: 4\/10\u00a0; 15\/11\u00a0; 13\/12\u00a0; 10\/01\u00a0; 07\/02\u00a0; 14\/03\u00a0; 04\/04\u00a0; 16\/05\u00a0; 13\/06<\/p>\n<p><strong>R\u00e9servation obligatoire. <\/strong><\/p>\n<p>&nbsp;<\/p>\n<p><strong>Les petites histoires (pour les 3 \u00e0 6 ans)<\/strong><\/p>\n<p>Parce qu\u2019on adore frissonner, s\u2019\u00e9mouvoir ou rigoler tous ensemble, en \u00e9coutant les histoires tir\u00e9es du panier des biblioth\u00e9caires.<\/p>\n<p>S\u00e9ances les mercredis matin \u00e0 10h le 06\/10\u00a0; 17\/11\u00a0; 15\/12\u00a0; 12\/01\u00a0; 09\/02\u00a0; 16\/03\u00a0; 06\/04\u00a0;18\/05\u00a0; 15\/06<\/p>\n<p><strong>R\u00e9servation obligatoire. <\/strong><\/p>\n<p>&nbsp;<\/p>\n<p><strong>Caf\u00e9 lecture\u00a0: (ados\/adultes)<\/strong><\/p>\n<p>Voisins et amis se retrouvent pour \u00e9changer leurs lectures. Coups de c\u0153ur ou coups de gueule, les partages sont parfois riches en contradiction, toujours dans le respect de chacun. Un seul mot d\u2019ordre\u00a0: le plaisir de lire\u00a0! Que vous ayez juste envie d\u2019\u00e9couter pour d\u00e9couvrir de nouvelles lectures ou que vous aimiez en parler, vous \u00eates les bienvenus.<\/p>\n<p>Les samedis \u00e0 11h le\u00a0: 08\/10\u00a0; 13\/11\u00a0; 11\/12\u00a0; 08\/01\u00a0; 05\/02\u00a0; 12\/03\u00a0; 02\/04\u00a0; 14\/05\u00a0; 11\/06<\/p>\n<p>&nbsp;<\/p>\n<p><strong>Bouche \u00e0 oreilles\u00a0: (d\u00e8s 10 ans)<\/strong><\/p>\n<p>Parler devant les autres sans avoir peur, c&#8217;est possible ! Et c&#8217;est encore mieux dans une biblioth\u00e8que : il y a plein de mots \u00e0 lire et \u00e0 dire. Viens jouer avec ta voix, un livre ou un texte \u00e0 la main !<\/p>\n<p>Les vendredis \u00e0 18h le\u00a0: 15\/10\u00a0; 26\/11\u00a0; 10\/12\u00a0; 21\/01\u00a0; 18\/02\u00a0; 25\/03\u00a0; 15\/04\u00a0; 13\/05\u00a0; 24\/06<\/p>\n<p><strong>R\u00e9servation obligatoire.<\/strong><\/p>\n<p>&nbsp;<\/p>\n<p><span style=\"font-size: 18pt;\"><strong>Programme d\u2019animations pour le dernier trimestre 2021\u00a0:<\/strong><\/span><\/p>\n<p><strong>Nos abonn\u00e9s ont du talent\u00a0! Carte blanche \u00e0 l\u2019astrologie le vendredi 19 novembre \u00e0 18h (adultes)<\/strong><\/p>\n<p>Comment faire son th\u00e8me astrologique\u00a0? c\u2019est ce que vous d\u00e9couvrirez gr\u00e2ce \u00e0 Sophie<\/p>\n<p>H\u00e9rolt-Petitpas autrice du livre \u00ab\u00a0mon cahier astro\u00a0\u00bb<\/p>\n<p><strong>R\u00e9servation obligatoire.<\/strong><\/p>\n<p>&nbsp;<\/p>\n<p><span style=\"font-size: 18pt;\"><strong>Programme d\u2019animations en 2022 :<\/strong><\/span><\/p>\n<p><strong>&#8220;Parlez-moi d&#8217;amour&#8221; :\u00a0 Th\u00e9\u00e2tre d&#8217;improvisation le vendredi 21 janvier \u00e0 20h<\/strong>, dans le cadre des &#8220;Nuits de la Lecture&#8221; dont le th\u00e8me cette ann\u00e9e est &#8220;Aimons toujours ! Aimons encore !&#8221;<\/p>\n<p>&nbsp;<\/p>\n<hr \/>\n<h1>Le r\u00e9seau MSL des Biblioth\u00e8ques<\/h1>\n<p><a href=\"http:\/\/bibliotheque.ccmsl.fr\/\"><img loading=\"lazy\" class=\" wp-image-215 alignleft\" src=\"http:\/\/moretloingetorvanne.fr\/culture_mlo\/wp-content\/uploads\/2019\/11\/biblioth\u00e8que-MSL-1-300x227.jpg\" alt=\"\" width=\"153\" height=\"116\" srcset=\"http:\/\/moretloingetorvanne.fr\/culture_mlo\/wp-content\/uploads\/2019\/11\/biblioth\u00e8que-MSL-1-300x227.jpg 300w, http:\/\/moretloingetorvanne.fr\/culture_mlo\/wp-content\/uploads\/2019\/11\/biblioth\u00e8que-MSL-1.jpg 423w\" sizes=\"(max-width: 153px) 100vw, 153px\" \/><\/a>13 biblioth\u00e8ques sur le territoire MSL, dont 8 en r\u00e9seau, vous apportent une offre diversifi\u00e9e et vari\u00e9e<\/p>\n<p>Le r\u00e9seau MSL des biblioth\u00e8ques c\u2019est aussi une navette MSL pour le transport des documents de la MD77, des animations autour des tapis narratifs, des iPads ou bien encore, des animations pour tous les \u00e2ges, comme \u00a0Raconte en musique, Music\u2019Ados\u2026<\/p>\n<p><strong><a href=\"http:\/\/bibliotheque.ccmsl.fr\/\">Pour se rendre sur le portail des biblioth\u00e8ques MSL, cliquez ICI<\/a><\/strong><\/p>\n","protected":false},"excerpt":{"rendered":"<p>La m\u00e9diath\u00e8que Sarah Bernhardt est situ\u00e9e dans l\u2019enceinte solaire A.Chevrier. Elle vous accueille [&hellip;]<\/p>\n","protected":false},"author":4,"featured_media":121,"comment_status":"open","ping_status":"open","sticky":false,"template":"","format":"standard","meta":{"ngg_post_thumbnail":0,"_links_to":"","_links_to_target":""},"categories":[1],"tags":[],"_links":{"self":[{"href":"http:\/\/moretloingetorvanne.fr\/culture_mlo\/wp-json\/wp\/v2\/posts\/49"}],"collection":[{"href":"http:\/\/moretloingetorvanne.fr\/culture_mlo\/wp-json\/wp\/v2\/posts"}],"about":[{"href":"http:\/\/moretloingetorvanne.fr\/culture_mlo\/wp-json\/wp\/v2\/types\/post"}],"author":[{"embeddable":true,"href":"http:\/\/moretloingetorvanne.fr\/culture_mlo\/wp-json\/wp\/v2\/users\/4"}],"replies":[{"embeddable":true,"href":"http:\/\/moretloingetorvanne.fr\/culture_mlo\/wp-json\/wp\/v2\/comments?post=49"}],"version-history":[{"count":71,"href":"http:\/\/moretloingetorvanne.fr\/culture_mlo\/wp-json\/wp\/v2\/posts\/49\/revisions"}],"predecessor-version":[{"id":1202,"href":"http:\/\/moretloingetorvanne.fr\/culture_mlo\/wp-json\/wp\/v2\/posts\/49\/revisions\/1202"}],"wp:featuredmedia":[{"embeddable":true,"href":"http:\/\/moretloingetorvanne.fr\/culture_mlo\/wp-json\/wp\/v2\/media\/121"}],"wp:attachment":[{"href":"http:\/\/moretloingetorvanne.fr\/culture_mlo\/wp-json\/wp\/v2\/media?parent=49"}],"wp:term":[{"taxonomy":"category","embeddable":true,"href":"http:\/\/moretloingetorvanne.fr\/culture_mlo\/wp-json\/wp\/v2\/categories?post=49"},{"taxonomy":"post_tag","embeddable":true,"href":"http:\/\/moretloingetorvanne.fr\/culture_mlo\/wp-json\/wp\/v2\/tags?post=49"}],"curies":[{"name":"wp","href":"https:\/\/api.w.org\/{rel}","templated":true}]}}